{"id":1282,"date":"2022-04-11T11:11:34","date_gmt":"2022-04-11T09:11:34","guid":{"rendered":"http:\/\/www.avislecco.it\/avis\/?p=1282"},"modified":"2022-04-11T11:11:34","modified_gmt":"2022-04-11T09:11:34","slug":"avisini-che-spettacolo","status":"publish","type":"post","link":"http:\/\/www.avislecco.it\/avis\/avisini-che-spettacolo\/","title":{"rendered":"Avisini CHE SPETTACOLO!"},"content":{"rendered":"<h2>\u201cAVISINI CHE SPETTACOLO!\u201d<\/h2>\n<h3>Arriva il contest per donatori talentuosi organizzato da<br \/>\nAvis Regionale Lombardia con il patrocinio e contributo di Regione Lombardia<\/h3>\n<p>Cantanti, ballerini e attori, ma soprattutto donatori: vietato prendere impegni per sabato 7 maggio 2022! Arriva \u201cAVISINI che spettacolo!\u201d il contest organizzato da Avis Regionale Lombardia, con il patrocinio e il contributo di Regione Lombardia, nell\u2019ambito della Civil Week 2022.<\/p>\n<p>I donatori lombardi, gi\u00e0 soci Avis o aspiranti tali (coloro che hanno effettuato la visita di controllo per diventare donatori) di et\u00e0 compresa tra i 18 e i 35 anni, potranno partecipare a un contest che vedr\u00e0 la selezione, da parte di una giuria \u201cstellare\u201d, di 12 talenti nel canto, ballo o recitazione.<\/p>\n<p>La giuria sar\u00e0 infatti composta da volti noti e di rilievo nel campo dell\u2019intrattenimento e dell\u2019arte, nomi di richiamo nazionale che verranno svelati nelle prossime settimane.<\/p>\n<p>L\u2019iscrizione al concorso \u00e8 completamente gratuita: baster\u00e0 infatti compilare questo link: <a href=\"https:\/\/forms.gle\/aEmsEZQPzSPL7P438\" target=\"_blank\">https:\/\/forms.gle\/aEmsEZQPzSPL7P438<\/a> entro e non oltre il 10 aprile 2022 alle ore 23:59.<\/p>\n<p>Per maggiori informazioni sulle modalit\u00e0 di iscrizione e di partecipazione al contest: <a href=\"https:\/\/avislombardia.it\/news\/avisini-che-spettacolo\/\" target=\"_blank\">www.avislombardia.it<\/a><\/p>\n<p>&nbsp;<\/p>\n<p>Di seguito l&#8217; intervista della nostra Laura con Radio Number One sul nostro Talent:<\/p>\n<ul>\n<li><a href=\"https:\/\/radionumberone.it\/podcast\/laura-avis-lombardia-avisini-che-spettacolo-il-talent-per-conoscere-giovani-artisti-e-donatori\/\" target=\"_blank\">Ascolta l&#8217;intervista<\/a><\/li>\n<\/ul>\n<p>&nbsp;<\/p>\n<p>&nbsp;<\/p>\n","protected":false},"excerpt":{"rendered":"<p>\u201cAVISINI CHE SPETTACOLO!\u201d Arriva il contest per donatori talentuosi organizzato da Avis Regionale Lombardia con il patrocinio e contributo di Regione Lombardia Cantanti, ballerini e attori, ma soprattutto donatori: vietato prendere impegni per sabato 7 maggio 2022! Arriva \u201cAVISINI che spettacolo!\u201d il contest organizzato da Avis Regionale Lombardia, con il [&hellip;]<\/p>\n","protected":false},"author":7,"featured_media":1284,"comment_status":"closed","ping_status":"open","sticky":false,"template":"","format":"standard","meta":{"footnotes":""},"categories":[3],"tags":[10],"class_list":["post-1282","post","type-post","status-publish","format-standard","has-post-thumbnail","hentry","category-associazione","tag-banner"],"_links":{"self":[{"href":"http:\/\/www.avislecco.it\/avis\/wp-json\/wp\/v2\/posts\/1282","targetHints":{"allow":["GET"]}}],"collection":[{"href":"http:\/\/www.avislecco.it\/avis\/wp-json\/wp\/v2\/posts"}],"about":[{"href":"http:\/\/www.avislecco.it\/avis\/wp-json\/wp\/v2\/types\/post"}],"author":[{"embeddable":true,"href":"http:\/\/www.avislecco.it\/avis\/wp-json\/wp\/v2\/users\/7"}],"replies":[{"embeddable":true,"href":"http:\/\/www.avislecco.it\/avis\/wp-json\/wp\/v2\/comments?post=1282"}],"version-history":[{"count":6,"href":"http:\/\/www.avislecco.it\/avis\/wp-json\/wp\/v2\/posts\/1282\/revisions"}],"predecessor-version":[{"id":1289,"href":"http:\/\/www.avislecco.it\/avis\/wp-json\/wp\/v2\/posts\/1282\/revisions\/1289"}],"wp:featuredmedia":[{"embeddable":true,"href":"http:\/\/www.avislecco.it\/avis\/wp-json\/wp\/v2\/media\/1284"}],"wp:attachment":[{"href":"http:\/\/www.avislecco.it\/avis\/wp-json\/wp\/v2\/media?parent=1282"}],"wp:term":[{"taxonomy":"category","embeddable":true,"href":"http:\/\/www.avislecco.it\/avis\/wp-json\/wp\/v2\/categories?post=1282"},{"taxonomy":"post_tag","embeddable":true,"href":"http:\/\/www.avislecco.it\/avis\/wp-json\/wp\/v2\/tags?post=1282"}],"curies":[{"name":"wp","href":"https:\/\/api.w.org\/{rel}","templated":true}]}}